{"id":514244,"date":"2025-10-11T11:53:53","date_gmt":"2025-10-11T09:53:53","guid":{"rendered":"https:\/\/2furn.be\/?p=514244"},"modified":"2025-10-11T11:58:48","modified_gmt":"2025-10-11T09:58:48","slug":"conseils-damenagement-abordables-pour-les-petits-espaces","status":"publish","type":"post","link":"https:\/\/2furn.be\/fr\/blog\/betaalbare-inrichtingstips-voor-kleine-ruimtes\/","title":{"rendered":"Conseils d'ameublement abordables pour les petits espaces"},"content":{"rendered":"<p style=\"padding-right:var(--wp--preset--spacing--80);padding-left:var(--wp--preset--spacing--80)\">Une petite maison ne doit pas \u00eatre une limitation - avec les bons meubles et accessoires, vous pouvez transformer n'importe quel espace en un lieu confortable et pratique. Chez 2FURN, vous trouverez des meubles abordables sp\u00e9cialement con\u00e7us pour tirer le meilleur parti de l'espace. <a href=\"https:\/\/2furn.be\/fr\/blog\/des-meubles-tendance-et-abordables-pour-les-jeunes-en-belgique-et-aux-pays-bas\/\" data-type=\"post\" data-id=\"514248\">chaque m\u00e8tre carr\u00e9<\/a>.<\/p>\n\n\n\n<div style=\"height:50px\" aria-hidden=\"true\" class=\"wp-block-spacer\"><\/div>\n\n\n\n<figure class=\"wp-block-image size-full\"><img loading=\"lazy\" decoding=\"async\" width=\"2500\" height=\"1666\" src=\"https:\/\/2furn.be\/wp-content\/uploads\/Showroom-DSCF6333.webp\" alt=\"Meubles - magasin de meubles 2FURN : meubles tendance au meilleur rapport qualit\u00e9\/prix\" class=\"wp-image-512258\" srcset=\"https:\/\/2furn.be\/wp-content\/uploads\/Showroom-DSCF6333.webp 2500w, https:\/\/2furn.be\/wp-content\/uploads\/Showroom-DSCF6333-300x200.webp 300w, https:\/\/2furn.be\/wp-content\/uploads\/Showroom-DSCF6333-1024x682.webp 1024w, https:\/\/2furn.be\/wp-content\/uploads\/Showroom-DSCF6333-150x100.webp 150w, https:\/\/2furn.be\/wp-content\/uploads\/Showroom-DSCF6333-768x512.webp 768w, https:\/\/2furn.be\/wp-content\/uploads\/Showroom-DSCF6333-1536x1024.webp 1536w, https:\/\/2furn.be\/wp-content\/uploads\/Showroom-DSCF6333-2048x1365.webp 2048w, https:\/\/2furn.be\/wp-content\/uploads\/Showroom-DSCF6333-18x12.webp 18w, https:\/\/2furn.be\/wp-content\/uploads\/Showroom-DSCF6333-600x400.webp 600w\" sizes=\"auto, (max-width: 2500px) 100vw, 2500px\" \/><\/figure>\n\n\n\n<div style=\"height:50px\" aria-hidden=\"true\" class=\"wp-block-spacer\"><\/div>\n\n\n\n<h2 class=\"wp-block-heading\" style=\"padding-right:var(--wp--preset--spacing--80);padding-left:var(--wp--preset--spacing--80)\">Optez pour des meubles multifonctionnels<\/h2>\n\n\n\n<div style=\"height:25px\" aria-hidden=\"true\" class=\"wp-block-spacer\"><\/div>\n\n\n\n<p style=\"padding-right:var(--wp--preset--spacing--80);padding-left:var(--wp--preset--spacing--80)\">Une ronde <a href=\"https:\/\/2furn.be\/fr\/cat\/tables\/\" data-type=\"product_cat\" data-id=\"54\">table<\/a>, un canap\u00e9-lit ou un <a href=\"https:\/\/2furn.be\/fr\/cat\/armoires\/\" data-type=\"product_cat\" data-id=\"39\">armoire<\/a> avec un espace de rangement suppl\u00e9mentaire : les meubles multifonctionnels sont indispensables pour les int\u00e9rieurs compacts. Ils permettent de gagner de la place sans sacrifier le confort ou le design.<\/p>\n\n\n\n<div style=\"height:50px\" aria-hidden=\"true\" class=\"wp-block-spacer\"><\/div>\n\n\n\n<figure class=\"wp-block-image size-full\"><img loading=\"lazy\" decoding=\"async\" width=\"2500\" height=\"1666\" src=\"https:\/\/2furn.be\/wp-content\/uploads\/Showroom-DSCF6426.webp\" alt=\"Meubles - magasin de meubles 2FURN : meubles tendance au meilleur rapport qualit\u00e9\/prix\" class=\"wp-image-512270\" srcset=\"https:\/\/2furn.be\/wp-content\/uploads\/Showroom-DSCF6426.webp 2500w, https:\/\/2furn.be\/wp-content\/uploads\/Showroom-DSCF6426-300x200.webp 300w, https:\/\/2furn.be\/wp-content\/uploads\/Showroom-DSCF6426-1024x682.webp 1024w, https:\/\/2furn.be\/wp-content\/uploads\/Showroom-DSCF6426-150x100.webp 150w, https:\/\/2furn.be\/wp-content\/uploads\/Showroom-DSCF6426-768x512.webp 768w, https:\/\/2furn.be\/wp-content\/uploads\/Showroom-DSCF6426-1536x1024.webp 1536w, https:\/\/2furn.be\/wp-content\/uploads\/Showroom-DSCF6426-2048x1365.webp 2048w, https:\/\/2furn.be\/wp-content\/uploads\/Showroom-DSCF6426-18x12.webp 18w, https:\/\/2furn.be\/wp-content\/uploads\/Showroom-DSCF6426-600x400.webp 600w\" sizes=\"auto, (max-width: 2500px) 100vw, 2500px\" \/><\/figure>\n\n\n\n<div style=\"height:50px\" aria-hidden=\"true\" class=\"wp-block-spacer\"><\/div>\n\n\n\n<h2 class=\"wp-block-heading\" style=\"padding-right:var(--wp--preset--spacing--80);padding-left:var(--wp--preset--spacing--80)\">La lumi\u00e8re et la couleur font des merveilles<\/h2>\n\n\n\n<div style=\"height:25px\" aria-hidden=\"true\" class=\"wp-block-spacer\"><\/div>\n\n\n\n<p style=\"padding-right:var(--wp--preset--spacing--80);padding-left:var(--wp--preset--spacing--80)\">Utilisation <a href=\"https:\/\/2furn.be\/fr\/blog\/5-tendances-decoratives-a-ne-pas-manquer-en-2026\/\" data-type=\"post\" data-id=\"514241\">couleurs claires<\/a> et des mat\u00e9riaux naturels pour agrandir la pi\u00e8ce. Combinez ces \u00e9l\u00e9ments avec quelques touches accrocheuses, une chaise \u00e0 la mode ou un tapis color\u00e9 pour rendre votre int\u00e9rieur vivant.<\/p>\n\n\n\n<div style=\"height:50px\" aria-hidden=\"true\" class=\"wp-block-spacer\"><\/div>\n\n\n\n<figure class=\"wp-block-image size-full\"><img loading=\"lazy\" decoding=\"async\" width=\"2500\" height=\"1667\" src=\"https:\/\/2furn.be\/wp-content\/uploads\/Showroom-DSCF7976.webp\" alt=\"Meubles - magasin de meubles 2FURN : meubles tendance au meilleur rapport qualit\u00e9\/prix\" class=\"wp-image-514207\" srcset=\"https:\/\/2furn.be\/wp-content\/uploads\/Showroom-DSCF7976.webp 2500w, https:\/\/2furn.be\/wp-content\/uploads\/Showroom-DSCF7976-300x200.webp 300w, https:\/\/2furn.be\/wp-content\/uploads\/Showroom-DSCF7976-1024x683.webp 1024w, https:\/\/2furn.be\/wp-content\/uploads\/Showroom-DSCF7976-150x100.webp 150w, https:\/\/2furn.be\/wp-content\/uploads\/Showroom-DSCF7976-768x512.webp 768w, https:\/\/2furn.be\/wp-content\/uploads\/Showroom-DSCF7976-1536x1024.webp 1536w, https:\/\/2furn.be\/wp-content\/uploads\/Showroom-DSCF7976-2048x1366.webp 2048w, https:\/\/2furn.be\/wp-content\/uploads\/Showroom-DSCF7976-18x12.webp 18w, https:\/\/2furn.be\/wp-content\/uploads\/Showroom-DSCF7976-600x400.webp 600w\" sizes=\"auto, (max-width: 2500px) 100vw, 2500px\" \/><\/figure>\n\n\n\n<div style=\"height:50px\" aria-hidden=\"true\" class=\"wp-block-spacer\"><\/div>\n\n\n\n<h2 class=\"wp-block-heading\" style=\"padding-right:var(--wp--preset--spacing--80);padding-left:var(--wp--preset--spacing--80)\">Utiliser l'espace vertical<\/h2>\n\n\n\n<div style=\"height:25px\" aria-hidden=\"true\" class=\"wp-block-spacer\"><\/div>\n\n\n\n<p style=\"padding-right:var(--wp--preset--spacing--80);padding-left:var(--wp--preset--spacing--80)\">Dans les petits espaces, la hauteur est votre meilleure amie. Choisissez des armoires ou des \u00e9tag\u00e8res murales hautes pour cr\u00e9er un espace de rangement suppl\u00e9mentaire sans que l'on ait l'impression d'\u00eatre \u00e0 l'\u00e9troit.<\/p>\n\n\n\n<div style=\"height:50px\" aria-hidden=\"true\" class=\"wp-block-spacer\"><\/div>\n\n\n\n<figure class=\"wp-block-image size-full\"><img loading=\"lazy\" decoding=\"async\" width=\"2500\" height=\"1666\" src=\"https:\/\/2furn.be\/wp-content\/uploads\/Showroom-DSCF6306.webp\" alt=\"Meubles - magasin de meubles 2FURN : meubles tendance au meilleur rapport qualit\u00e9\/prix\" class=\"wp-image-512253\" srcset=\"https:\/\/2furn.be\/wp-content\/uploads\/Showroom-DSCF6306.webp 2500w, https:\/\/2furn.be\/wp-content\/uploads\/Showroom-DSCF6306-300x200.webp 300w, https:\/\/2furn.be\/wp-content\/uploads\/Showroom-DSCF6306-1024x682.webp 1024w, https:\/\/2furn.be\/wp-content\/uploads\/Showroom-DSCF6306-150x100.webp 150w, https:\/\/2furn.be\/wp-content\/uploads\/Showroom-DSCF6306-768x512.webp 768w, https:\/\/2furn.be\/wp-content\/uploads\/Showroom-DSCF6306-1536x1024.webp 1536w, https:\/\/2furn.be\/wp-content\/uploads\/Showroom-DSCF6306-2048x1365.webp 2048w, https:\/\/2furn.be\/wp-content\/uploads\/Showroom-DSCF6306-18x12.webp 18w, https:\/\/2furn.be\/wp-content\/uploads\/Showroom-DSCF6306-600x400.webp 600w\" sizes=\"auto, (max-width: 2500px) 100vw, 2500px\" \/><\/figure>\n\n\n\n<div style=\"height:50px\" aria-hidden=\"true\" class=\"wp-block-spacer\"><\/div>\n\n\n\n<h2 class=\"wp-block-heading\" style=\"padding-right:var(--wp--preset--spacing--80);padding-left:var(--wp--preset--spacing--80)\">L'ameublement \u00e0 prix abordable avec 2FURN<\/h2>\n\n\n\n<div style=\"height:25px\" aria-hidden=\"true\" class=\"wp-block-spacer\"><\/div>\n\n\n\n<p style=\"padding-right:var(--wp--preset--spacing--80);padding-left:var(--wp--preset--spacing--80)\">Notre collection offre des solutions intelligentes et \u00e9l\u00e9gantes pour chaque type de maison. Abordables, fonctionnelles et parfaitement en phase avec les exigences de la soci\u00e9t\u00e9. <a href=\"https:\/\/2furn.be\/fr\/blog\/bienvenue-chez-2furn-votre-magasin-de-meubles-pour-des-meubles-tendance-a-prix-abordables\/\" data-type=\"post\" data-id=\"514163\">derni\u00e8res tendances<\/a> - C'est la raison d'\u00eatre de 2FURN.<\/p>","protected":false},"excerpt":{"rendered":"<p>Een kleine woning hoeft geen beperking te zijn &#8211; met de juiste meubels en inrichting maak je van elke ruimte een gezellige en praktische plek. Bij 2FURN vind je betaalbare meubelen die speciaal ontworpen zijn om optimaal gebruik te maken van elke vierkante meter. Kies voor multifunctionele meubels Een ronde tafel, een zetelbed of een [&hellip;]<\/p>\n","protected":false},"author":1,"featured_media":512266,"comment_status":"closed","ping_status":"closed","sticky":false,"template":"","format":"standard","meta":{"_seopress_robots_primary_cat":"none","_seopress_titles_title":"Betaalbare inrichtingstips voor kleine ruimtes","_seopress_titles_desc":"Ontdek hoe je een kleine ruimte stijlvol en betaalbaar inricht met 2FURN. Slimme meubels, trendy idee\u00ebn en praktische tips voor elk interieur.","_seopress_robots_index":"","footnotes":""},"categories":[119,120],"tags":[],"class_list":["post-514244","post","type-post","status-publish","format-standard","has-post-thumbnail","hentry","category-meubelen","category-trends"],"_links":{"self":[{"href":"https:\/\/2furn.be\/fr\/wp-json\/wp\/v2\/posts\/514244","targetHints":{"allow":["GET"]}}],"collection":[{"href":"https:\/\/2furn.be\/fr\/wp-json\/wp\/v2\/posts"}],"about":[{"href":"https:\/\/2furn.be\/fr\/wp-json\/wp\/v2\/types\/post"}],"author":[{"embeddable":true,"href":"https:\/\/2furn.be\/fr\/wp-json\/wp\/v2\/users\/1"}],"replies":[{"embeddable":true,"href":"https:\/\/2furn.be\/fr\/wp-json\/wp\/v2\/comments?post=514244"}],"version-history":[{"count":3,"href":"https:\/\/2furn.be\/fr\/wp-json\/wp\/v2\/posts\/514244\/revisions"}],"predecessor-version":[{"id":514265,"href":"https:\/\/2furn.be\/fr\/wp-json\/wp\/v2\/posts\/514244\/revisions\/514265"}],"wp:featuredmedia":[{"embeddable":true,"href":"https:\/\/2furn.be\/fr\/wp-json\/wp\/v2\/media\/512266"}],"wp:attachment":[{"href":"https:\/\/2furn.be\/fr\/wp-json\/wp\/v2\/media?parent=514244"}],"wp:term":[{"taxonomy":"category","embeddable":true,"href":"https:\/\/2furn.be\/fr\/wp-json\/wp\/v2\/categories?post=514244"},{"taxonomy":"post_tag","embeddable":true,"href":"https:\/\/2furn.be\/fr\/wp-json\/wp\/v2\/tags?post=514244"}],"curies":[{"name":"wp","href":"https:\/\/api.w.org\/{rel}","templated":true}]}}