{"id":514241,"date":"2025-10-11T11:53:50","date_gmt":"2025-10-11T09:53:50","guid":{"rendered":"https:\/\/2furn.be\/?p=514241"},"modified":"2025-11-01T16:28:05","modified_gmt":"2025-11-01T15:28:05","slug":"5-wohntrends-die-du-2026-nicht-verpassen-solltest","status":"publish","type":"post","link":"https:\/\/2furn.be\/de\/blog\/5-woontrends-die-je-niet-mag-missen-in-2026\/","title":{"rendered":"5 Wohntrends, die man 2026 nicht verpassen sollte"},"content":{"rendered":"<p style=\"padding-right:var(--wp--preset--spacing--80);padding-left:var(--wp--preset--spacing--80)\">Das neue Wohnjahr bringt frische Ideen und inspirierende Stile. Bei 2FURN folgen wir dem <a href=\"https:\/\/2furn.be\/de\/blog\/trendiges-mobelgeschaft-in-pelt-belgien\/\" data-type=\"post\" data-id=\"514234\">neueste Wohntrends<\/a> damit Sie bei der Inneneinrichtung immer einen Schritt voraus sind. Von nat\u00fcrlichen Materialien bis hin zu warmen Farben - bei 2026 dreht sich alles um Gem\u00fctlichkeit, Charakter und Nachhaltigkeit.<\/p>\n\n\n\n<div style=\"height:50px\" aria-hidden=\"true\" class=\"wp-block-spacer\"><\/div>\n\n\n\n<figure class=\"wp-block-image size-full\"><img loading=\"lazy\" decoding=\"async\" width=\"2500\" height=\"1666\" src=\"https:\/\/2furn.be\/wp-content\/uploads\/Showroom-DSCF6177.webp\" alt=\"M\u00f6bel - M\u00f6belgesch\u00e4ft 2FURN: trendige M\u00f6bel zum besten Preis-Leistungs-Verh\u00e4ltnis\" class=\"wp-image-512233\" srcset=\"https:\/\/2furn.be\/wp-content\/uploads\/Showroom-DSCF6177.webp 2500w, https:\/\/2furn.be\/wp-content\/uploads\/Showroom-DSCF6177-300x200.webp 300w, https:\/\/2furn.be\/wp-content\/uploads\/Showroom-DSCF6177-1024x682.webp 1024w, https:\/\/2furn.be\/wp-content\/uploads\/Showroom-DSCF6177-150x100.webp 150w, https:\/\/2furn.be\/wp-content\/uploads\/Showroom-DSCF6177-768x512.webp 768w, https:\/\/2furn.be\/wp-content\/uploads\/Showroom-DSCF6177-1536x1024.webp 1536w, https:\/\/2furn.be\/wp-content\/uploads\/Showroom-DSCF6177-2048x1365.webp 2048w, https:\/\/2furn.be\/wp-content\/uploads\/Showroom-DSCF6177-18x12.webp 18w, https:\/\/2furn.be\/wp-content\/uploads\/Showroom-DSCF6177-600x400.webp 600w\" sizes=\"auto, (max-width: 2500px) 100vw, 2500px\" \/><\/figure>\n\n\n\n<div style=\"height:50px\" aria-hidden=\"true\" class=\"wp-block-spacer\"><\/div>\n\n\n\n<h2 class=\"wp-block-heading\" style=\"padding-right:var(--wp--preset--spacing--80);padding-left:var(--wp--preset--spacing--80)\"><br><br>1. Weiche, organische Formen<\/h2>\n\n\n\n<div style=\"height:25px\" aria-hidden=\"true\" class=\"wp-block-spacer\"><\/div>\n\n\n\n<p style=\"padding-right:var(--wp--preset--spacing--80);padding-left:var(--wp--preset--spacing--80)\">Runde Tische, wellenf\u00f6rmige Lampen und weiche Sitze bleiben auch 2026 beliebt. Sie bringen Ruhe und Harmonie in Ihre Innenr\u00e4ume und schaffen eine einladende Atmosph\u00e4re.<\/p>\n\n\n\n<div style=\"height:50px\" aria-hidden=\"true\" class=\"wp-block-spacer\"><\/div>\n\n\n\n<figure class=\"wp-block-image size-full\"><img loading=\"lazy\" decoding=\"async\" width=\"2500\" height=\"1666\" src=\"https:\/\/2furn.be\/wp-content\/uploads\/Showroom-DSCF6402.webp\" alt=\"M\u00f6bel - M\u00f6belgesch\u00e4ft 2FURN: trendige M\u00f6bel zum besten Preis-Leistungs-Verh\u00e4ltnis\" class=\"wp-image-512267\" srcset=\"https:\/\/2furn.be\/wp-content\/uploads\/Showroom-DSCF6402.webp 2500w, https:\/\/2furn.be\/wp-content\/uploads\/Showroom-DSCF6402-300x200.webp 300w, https:\/\/2furn.be\/wp-content\/uploads\/Showroom-DSCF6402-1024x682.webp 1024w, https:\/\/2furn.be\/wp-content\/uploads\/Showroom-DSCF6402-150x100.webp 150w, https:\/\/2furn.be\/wp-content\/uploads\/Showroom-DSCF6402-768x512.webp 768w, https:\/\/2furn.be\/wp-content\/uploads\/Showroom-DSCF6402-1536x1024.webp 1536w, https:\/\/2furn.be\/wp-content\/uploads\/Showroom-DSCF6402-2048x1365.webp 2048w, https:\/\/2furn.be\/wp-content\/uploads\/Showroom-DSCF6402-18x12.webp 18w, https:\/\/2furn.be\/wp-content\/uploads\/Showroom-DSCF6402-600x400.webp 600w\" sizes=\"auto, (max-width: 2500px) 100vw, 2500px\" \/><\/figure>\n\n\n\n<h2 class=\"wp-block-heading\" style=\"padding-right:var(--wp--preset--spacing--80);padding-left:var(--wp--preset--spacing--80)\"><br><br>2. Nat\u00fcrliche T\u00f6ne und Materialien<\/h2>\n\n\n\n<div style=\"height:25px\" aria-hidden=\"true\" class=\"wp-block-spacer\"><\/div>\n\n\n\n<p style=\"padding-right:var(--wp--preset--spacing--80);padding-left:var(--wp--preset--spacing--80)\">Holz, Rattan, Leinen und Erdt\u00f6ne sind der Schl\u00fcssel zu einem warmen, gem\u00fctlichen Look. Kombinieren Sie diese mit neutralen Farben f\u00fcr einen zeitlosen Look, der so schnell nicht langweilig werden wird.<\/p>\n\n\n\n<div style=\"height:50px\" aria-hidden=\"true\" class=\"wp-block-spacer\"><\/div>\n\n\n\n<figure class=\"wp-block-image size-full\"><img loading=\"lazy\" decoding=\"async\" width=\"2500\" height=\"1666\" src=\"https:\/\/2furn.be\/wp-content\/uploads\/Showroom-DSCF6368.webp\" alt=\"M\u00f6bel - M\u00f6belgesch\u00e4ft 2FURN: trendige M\u00f6bel zum besten Preis-Leistungs-Verh\u00e4ltnis\" class=\"wp-image-512264\" srcset=\"https:\/\/2furn.be\/wp-content\/uploads\/Showroom-DSCF6368.webp 2500w, https:\/\/2furn.be\/wp-content\/uploads\/Showroom-DSCF6368-300x200.webp 300w, https:\/\/2furn.be\/wp-content\/uploads\/Showroom-DSCF6368-1024x682.webp 1024w, https:\/\/2furn.be\/wp-content\/uploads\/Showroom-DSCF6368-150x100.webp 150w, https:\/\/2furn.be\/wp-content\/uploads\/Showroom-DSCF6368-768x512.webp 768w, https:\/\/2furn.be\/wp-content\/uploads\/Showroom-DSCF6368-1536x1024.webp 1536w, https:\/\/2furn.be\/wp-content\/uploads\/Showroom-DSCF6368-2048x1365.webp 2048w, https:\/\/2furn.be\/wp-content\/uploads\/Showroom-DSCF6368-18x12.webp 18w, https:\/\/2furn.be\/wp-content\/uploads\/Showroom-DSCF6368-600x400.webp 600w\" sizes=\"auto, (max-width: 2500px) 100vw, 2500px\" \/><\/figure>\n\n\n\n<div style=\"height:50px\" aria-hidden=\"true\" class=\"wp-block-spacer\"><\/div>\n\n\n\n<h2 class=\"wp-block-heading\" style=\"padding-right:var(--wp--preset--spacing--80);padding-left:var(--wp--preset--spacing--80)\">3. Mischung aus Alt und Neu<\/h2>\n\n\n\n<div style=\"height:25px\" aria-hidden=\"true\" class=\"wp-block-spacer\"><\/div>\n\n\n\n<p style=\"padding-right:var(--wp--preset--spacing--80);padding-left:var(--wp--preset--spacing--80)\">Der Trend zum modernen Vintage ist ungebrochen. <a href=\"https:\/\/2furn.be\/de\/blog\/preiswerte-mobel-mit-luxuriosen-accessoires-kombinieren\/\" data-type=\"post\" data-id=\"514246\">M\u00e4hdrescher<\/a> moderne M\u00f6bel mit Retro-Elementen oder ein charaktervoller Kleiderschrank f\u00fcr einen einzigartigen, pers\u00f6nlichen Stil.<\/p>\n\n\n\n<div style=\"height:50px\" aria-hidden=\"true\" class=\"wp-block-spacer\"><\/div>\n\n\n\n<figure class=\"wp-block-image size-full\"><img loading=\"lazy\" decoding=\"async\" width=\"2500\" height=\"1666\" src=\"https:\/\/2furn.be\/wp-content\/uploads\/Showroom-DSCF6247.webp\" alt=\"M\u00f6bel - M\u00f6belgesch\u00e4ft 2FURN: trendige M\u00f6bel zum besten Preis-Leistungs-Verh\u00e4ltnis\" class=\"wp-image-512245\" srcset=\"https:\/\/2furn.be\/wp-content\/uploads\/Showroom-DSCF6247.webp 2500w, https:\/\/2furn.be\/wp-content\/uploads\/Showroom-DSCF6247-300x200.webp 300w, https:\/\/2furn.be\/wp-content\/uploads\/Showroom-DSCF6247-1024x682.webp 1024w, https:\/\/2furn.be\/wp-content\/uploads\/Showroom-DSCF6247-150x100.webp 150w, https:\/\/2furn.be\/wp-content\/uploads\/Showroom-DSCF6247-768x512.webp 768w, https:\/\/2furn.be\/wp-content\/uploads\/Showroom-DSCF6247-1536x1024.webp 1536w, https:\/\/2furn.be\/wp-content\/uploads\/Showroom-DSCF6247-2048x1365.webp 2048w, https:\/\/2furn.be\/wp-content\/uploads\/Showroom-DSCF6247-18x12.webp 18w, https:\/\/2furn.be\/wp-content\/uploads\/Showroom-DSCF6247-600x400.webp 600w\" sizes=\"auto, (max-width: 2500px) 100vw, 2500px\" \/><\/figure>\n\n\n\n<div style=\"height:50px\" aria-hidden=\"true\" class=\"wp-block-spacer\"><\/div>\n\n\n\n<h2 class=\"wp-block-heading\" style=\"padding-right:var(--wp--preset--spacing--80);padding-left:var(--wp--preset--spacing--80)\">4. Kompaktes und funktionales Wohnen<\/h2>\n\n\n\n<div style=\"height:25px\" aria-hidden=\"true\" class=\"wp-block-spacer\"><\/div>\n\n\n\n<p style=\"padding-right:var(--wp--preset--spacing--80);padding-left:var(--wp--preset--spacing--80)\">Immer mehr Menschen entscheiden sich f\u00fcr <a href=\"https:\/\/2furn.be\/de\/blog\/gunstige-einrichtungstipps-fur-kleine-raume\/\" data-type=\"post\" data-id=\"514244\">intelligente M\u00f6bel<\/a> die Platz sparen. Denken Sie an ausziehbare Tische, modulare Sofas und multifunktionale Schr\u00e4nke - alle zu finden bei 2FURN.<\/p>\n\n\n\n<div style=\"height:50px\" aria-hidden=\"true\" class=\"wp-block-spacer\"><\/div>\n\n\n\n<h2 class=\"wp-block-heading\" style=\"padding-right:var(--wp--preset--spacing--80);padding-left:var(--wp--preset--spacing--80)\">5. Nachhaltiges Design<\/h2>\n\n\n\n<div style=\"height:25px\" aria-hidden=\"true\" class=\"wp-block-spacer\"><\/div>\n\n\n\n<p style=\"padding-right:var(--wp--preset--spacing--80);padding-left:var(--wp--preset--spacing--80)\"><a href=\"https:\/\/2furn.be\/de\/blog\/auf-der-suche-nach-erschwinglichen-mobeln-in-belgien-oder-den-niederlanden\/\" data-type=\"post\" data-id=\"514238\">Erschwinglich<\/a> und verantwortungsvolles Leben k\u00f6nnen perfekt zusammenpassen. Bei 2FURN w\u00e4hlen wir M\u00f6bel mit Blick auf Qualit\u00e4t, Herkunft und Langlebigkeit aus. So w\u00e4hlen Sie bewusst und stilvoll aus.<\/p>","protected":false},"excerpt":{"rendered":"<p>Het nieuwe woonjaar brengt frisse idee\u00ebn en inspirerende stijlen met zich mee. Bij 2FURN volgen we de nieuwste woontrends op de voet, zodat jij altijd een stap voorblijft op het vlak van interieurdesign. Van natuurlijke materialen tot warme kleuren: 2026 draait om gezelligheid, karakter en duurzaamheid. 1. Zachte, organische vormen Ronde tafels, golvende lampen en [&hellip;]<\/p>\n","protected":false},"author":1,"featured_media":512256,"comment_status":"closed","ping_status":"closed","sticky":false,"template":"","format":"standard","meta":{"_seopress_robots_primary_cat":"none","_seopress_titles_title":"5 woontrends die je niet mag missen in 2026","_seopress_titles_desc":"Ontdek de 5 woontrends van 2026 bij 2FURN. Van natuurlijke materialen tot duurzaam design - laat je inspireren door onze trendy meubelcollectie.","_seopress_robots_index":"","footnotes":""},"categories":[119,120],"tags":[],"class_list":["post-514241","post","type-post","status-publish","format-standard","has-post-thumbnail","hentry","category-meubelen","category-trends"],"_links":{"self":[{"href":"https:\/\/2furn.be\/de\/wp-json\/wp\/v2\/posts\/514241","targetHints":{"allow":["GET"]}}],"collection":[{"href":"https:\/\/2furn.be\/de\/wp-json\/wp\/v2\/posts"}],"about":[{"href":"https:\/\/2furn.be\/de\/wp-json\/wp\/v2\/types\/post"}],"author":[{"embeddable":true,"href":"https:\/\/2furn.be\/de\/wp-json\/wp\/v2\/users\/1"}],"replies":[{"embeddable":true,"href":"https:\/\/2furn.be\/de\/wp-json\/wp\/v2\/comments?post=514241"}],"version-history":[{"count":6,"href":"https:\/\/2furn.be\/de\/wp-json\/wp\/v2\/posts\/514241\/revisions"}],"predecessor-version":[{"id":514438,"href":"https:\/\/2furn.be\/de\/wp-json\/wp\/v2\/posts\/514241\/revisions\/514438"}],"wp:featuredmedia":[{"embeddable":true,"href":"https:\/\/2furn.be\/de\/wp-json\/wp\/v2\/media\/512256"}],"wp:attachment":[{"href":"https:\/\/2furn.be\/de\/wp-json\/wp\/v2\/media?parent=514241"}],"wp:term":[{"taxonomy":"category","embeddable":true,"href":"https:\/\/2furn.be\/de\/wp-json\/wp\/v2\/categories?post=514241"},{"taxonomy":"post_tag","embeddable":true,"href":"https:\/\/2furn.be\/de\/wp-json\/wp\/v2\/tags?post=514241"}],"curies":[{"name":"wp","href":"https:\/\/api.w.org\/{rel}","templated":true}]}}